{"id":8843,"date":"2016-06-08T20:10:42","date_gmt":"2016-06-08T20:10:42","guid":{"rendered":"http:\/\/www2.nasaacin.org\/index.php\/2016\/06\/08\/denuncia-a-la-opinion-publica-nacional-e-internacional\/"},"modified":"2016-06-08T20:10:42","modified_gmt":"2016-06-08T20:10:42","slug":"denuncia-a-la-opinion-publica-nacional-e-internacional","status":"publish","type":"post","link":"https:\/\/tejidohistorico.afrodescendientes.com\/index.php\/2016\/06\/08\/denuncia-a-la-opinion-publica-nacional-e-internacional\/","title":{"rendered":"Denuncia a la Opini\u00f3n P\u00fablica Nacional e Internacional"},"content":{"rendered":"<p style=\"text-align: justify;\">\n<p style=\"text-align: justify;\"> \t<strong>No cesa en la Delfina la invasi\u00f3n al Territorio del Resguardo Indigena nasa embera chami la Delfina Comunidad Nasa Kiwe sitio de concentraci\u00f3n de los pueblos Ind\u00edgenas ORIVAC \u2013 ACIVA R.P. \u2013 Campesinas Asoagros C.N.A<\/strong>.&nbsp;&nbsp;&nbsp;<\/p>\n<p>  <!--more-->  <\/p>\n<p style=\"text-align: justify;\"> \tDesde el d\u00eda de inicio de la Minga Agraria, \u00c9tnica, Campesina y popular, convocada por las organizaciones sociales reunidas en la Cumbre Agraria , \u00c9tnica y Popular, el pasado 30 de Mayo y despu\u00e9s de 10 d\u00edas de sostenerse&nbsp; las acciones de bloqueo, concentraci\u00f3n, denuncia, y espacios<\/p>\n<p style=\"text-align: justify;\"> \tde concertaci\u00f3n con la Gobernaci\u00f3n del Valle del Cauca y la Alcald\u00eda Distrital de Buenaventura, persiste por parte de la fuerza p\u00fablica Ej\u00e9rcito y Polic\u00eda los operativos de invasi\u00f3n del territorio, interrogatorios a comuneros, detenciones, agresiones, intimidaciones con agentes con armas de fuego en mano de largo alcance, fotografiando y filmando d\u00eda y noche a los mingueros y mingueros, para luego retener los veh\u00edculos, exigir documentos y fabricar entrevistas donde los comuneros&nbsp; \u201cagradecen\u201d&nbsp; a la fuerza p\u00fablica polic\u00edas.<br \/> \t&nbsp;<br \/> \tEn el d\u00eda de ayer 7 de junio, un grupo de polic\u00edas se ha tomado una vivienda dentro del territorio del Resguardo Ind\u00edgena Nasa Embera Chami la Delfina Comunidad Nasa Kiwe, en un abierto acto de provocaci\u00f3n y de amenaza de arrasar con el espacio humanitario donde se concentran los mingueros y mangueras para pernoctar, para sus Asambleas y atender a la institucionalidad Nacional, Departamental y Municipales.<br \/> \t&nbsp;<br \/> \tAnte la&nbsp; decisi\u00f3n de la Minga, en el Valle del Cauca de mantenerse firme y de no renunciar al derecho de ejercer el derecho a la protesta social, hasta tanto no se llegue a Acuerdo nacionales, Departamentales y Municipales, Alertamos a todo el pa\u00eds y a la comunidad internacional, que frente a los operativos de guerra que ha realizado la fuerza p\u00fablica y pretenden seguir realizando, denunciamos como responsable al Presidente de la Republica Juan Manuel Santos, y a los comandantes en la zona de la Delfina de Ej\u00e9rcito y Polic\u00eda.<br \/> \t&nbsp;<br \/> \t<strong>LLAMAMOS:<\/strong><br \/> \t&nbsp;<br \/> \tA los organismos institucionales y&nbsp; No Gubernamentales defensores y protectores de Derechos Humanos DD \u2013 HH, para que visiten el territorio, constaten nuestras denuncias&nbsp; exijan respeto y garantice la protesta social y reiteramos&nbsp; en la responsabilidad del Estado con los hechos que sucedieron y puedan seguir sucediendo en el transcurso de la Minga.<br \/> \t&nbsp;<br \/> \tFinalmente, declarados en Asamblea Permanente, los mingueros y mangueras, reconocen la conducci\u00f3n nacional,&nbsp; apoyan y respaldan las directrices nacionales.<br \/> \t&nbsp;<br \/> \tDe igual manera exigimos se instale de una vez la Mesa de Negociaci\u00f3n Nacional, abordando la tem\u00e1tica propuesta por la Cumbre Agraria, \u00c9tnica y Popular.<br \/> \t&nbsp;<br \/> \tConsejer\u00eda de Gobierno Propio Organizaci\u00f3n Regional del Valle del Cauca ORIVAC \u2013 Asociaci\u00f3n de Cabildos Ind\u00edgenas del Valle del Cauca Regi\u00f3n Pacifico ACIVA R.P.&nbsp; \u2013 Campesinos ASOAGROS CNA.<br \/> \t&nbsp;<br \/> \t\u00a1Presentes en La Lucha por la Reivindicaci\u00f3n de nuestros Derechos Leg\u00edtimos y Constitucionales!<br \/> \tEn el Resguardo Ind\u00edgena Nasa Embera Chami La Delfina Comunidad Nasa Kiwe a<\/p>\n<p style=\"text-align: justify;\"> \t&nbsp;<\/p>\n<p style=\"text-align: justify;\"> \tFuente: Comunicado del Resguardo&nbsp; Delfina Nasa Kiwe.<\/p>\n<p style=\"text-align: justify;\"> \t&nbsp;<\/p>\n<div id=\"ckimgrsz\" style=\"left: 0px; top: 0px;\">\n<div class=\"preview\"> \t\t&nbsp;<\/div>\n<\/p><\/div>\n","protected":false},"excerpt":{"rendered":"<p>No cesa en la Delfina la invasi\u00f3n al Territorio del Resguardo Indigena nasa embera chami la Delfina Comunidad Nasa Kiwe sitio de concentraci\u00f3n de los pueblos Ind\u00edgenas ORIVAC \u2013 ACIVA R.P. \u2013 [&hellip;]<\/p>\n","protected":false},"author":4,"featured_media":0,"comment_status":"open","ping_status":"open","sticky":false,"template":"","format":"standard","meta":[],"categories":[73],"tags":[],"_links":{"self":[{"href":"https:\/\/tejidohistorico.afrodescendientes.com\/index.php\/wp-json\/wp\/v2\/posts\/8843"}],"collection":[{"href":"https:\/\/tejidohistorico.afrodescendientes.com\/index.php\/wp-json\/wp\/v2\/posts"}],"about":[{"href":"https:\/\/tejidohistorico.afrodescendientes.com\/index.php\/wp-json\/wp\/v2\/types\/post"}],"author":[{"embeddable":true,"href":"https:\/\/tejidohistorico.afrodescendientes.com\/index.php\/wp-json\/wp\/v2\/users\/4"}],"replies":[{"embeddable":true,"href":"https:\/\/tejidohistorico.afrodescendientes.com\/index.php\/wp-json\/wp\/v2\/comments?post=8843"}],"version-history":[{"count":0,"href":"https:\/\/tejidohistorico.afrodescendientes.com\/index.php\/wp-json\/wp\/v2\/posts\/8843\/revisions"}],"wp:attachment":[{"href":"https:\/\/tejidohistorico.afrodescendientes.com\/index.php\/wp-json\/wp\/v2\/media?parent=8843"}],"wp:term":[{"taxonomy":"category","embeddable":true,"href":"https:\/\/tejidohistorico.afrodescendientes.com\/index.php\/wp-json\/wp\/v2\/categories?post=8843"},{"taxonomy":"post_tag","embeddable":true,"href":"https:\/\/tejidohistorico.afrodescendientes.com\/index.php\/wp-json\/wp\/v2\/tags?post=8843"}],"curies":[{"name":"wp","href":"https:\/\/api.w.org\/{rel}","templated":true}]}}