{"id":8845,"date":"2016-06-08T23:03:38","date_gmt":"2016-06-08T23:03:38","guid":{"rendered":"http:\/\/www2.nasaacin.org\/index.php\/2016\/06\/08\/pronunciamiento-de-resistencia-mapuche-en-el-puel-willimapu\/"},"modified":"2016-06-08T23:03:38","modified_gmt":"2016-06-08T23:03:38","slug":"pronunciamiento-de-resistencia-mapuche-en-el-puel-willimapu","status":"publish","type":"post","link":"https:\/\/tejidohistorico.afrodescendientes.com\/index.php\/2016\/06\/08\/pronunciamiento-de-resistencia-mapuche-en-el-puel-willimapu\/","title":{"rendered":"Pronunciamiento de Resistencia Mapuche en el Puel-Willimapu"},"content":{"rendered":"<p style=\"text-align: justify;\"> \tEn el d\u00eda de la fecha, reunidos en Traw\u00fcn realizado en el territorio recuperado en Curramapu, Pu Lof (comunidades) en Resistencia del Departamento Cushamen del Movimiento Mapuche Aut\u00f3nomo del Puelmapu en el que participaron adem\u00e1s otras lof de diferentes partes del Puel-Willimapu:<\/p>\n<p style=\"text-align: justify;\"> \t&nbsp;<\/p>\n<p style=\"text-align: justify;\"> \t&nbsp;<\/p>\n<p style=\"text-align: justify;\"> \t&nbsp;<\/p>\n<p style=\"text-align: justify;\"> \t&nbsp;<\/p>\n<p style=\"text-align: justify;\"> \t&nbsp;<\/p>\n<p>  <!--more-->  <\/p>\n<p> \tLof las Huaitekas, del Foyel; Comunidad Ancalao, de \u00d1orquinco; Lof Cayun Pa\u00f1icheo, del valle del Rio Puelo y Lof Ca\u00f1io, de Buenos Aires Chico, adem\u00e1s de pu pe\u00f1i ca pu lamuen de las localidades de Cholila, Esquel, Furrilofche y comarca Andina; ante los hechos acontecidos el d\u00eda viernes 27 de Mayo del corriente a\u00f1o en el territorio recuperado a la multinacional Benetton en el sector Vuelta del Rio-Leleque (ubicada a orillas de la ruta nacional 40 y cruce a Maiten) que desencadenaron en un mega operativo realizado en conjunto por el GEOP (grupo especial de la polic\u00eda del Chubut), Infanter\u00eda, la D.P.I., polic\u00eda provincial y gendarmer\u00eda nacional (una de las pocas fuerzas profesionalizada del Estado Opresor Argentino), con el objetivo de concretar un allanamiento y desalojo encubierto que concluyo con la detenci\u00f3n y posterior liberaci\u00f3n de seis pe\u00f1i y una lamuen, y la prisi\u00f3n preventiva de nuestro Lonco Weichafe Facundo Jones Huala. Procedimiento en el que tambi\u00e9n quedaron en el territorio recuperado dos madres con sus hijos (uno de ellos un reci\u00e9n nacido de apenas un mes), quienes se resistieron a ser desalojadas, pasando la noche a la intemperie con temperaturas de 8 grados bajo cero. Declaramos:<\/p>\n<p style=\"text-align: justify;\"> \tKI\u00d1E: Esta detenci\u00f3n obedece a una persecuci\u00f3n pol\u00edtica sistem\u00e1tica, la cual vienen realizando tanto el Estado Argentino como el Estado Chileno, (que exige un pedido de extradici\u00f3n en el marco de la criminalizaci\u00f3n de la lucha mapuche por el territorio en el Gulumapu) al Movimiento Mapuche Aut\u00f3nomo m\u00e1s consecuente, que se ha planteado como objetivo la Reconstrucci\u00f3n de nuestro Mundo Mapuche como camino a la liberaci\u00f3n de nuestro pueblo naci\u00f3n.<\/p>\n<p> \tEPU: Ambos estados en complicidad con los medios de comunicaci\u00f3n hegem\u00f3nicos tales como el diario Jornada, El Chubut, Cr\u00f3nica y el diario Rio Negro, los que reciben cifras millonarias en pautas publicitarias del estado y de los cuales son due\u00f1os familias de grandes terratenientes como lo es la familia Bestene se han encargado de demonizar la figura de nuestro Lonco Weichafe, Facundo Jones Huala caracterizando a los mapuche que luchan por la recuperaci\u00f3n y defensa del territorio ancestral mapuche como \u201cterroristas\u201d e incendiarios. En esta figura se pretende ubicar la imagen de nuestro Lonco Weichafe por el solo hecho de ser parte del Movimiento Mapuche Aut\u00f3nomo del Puelmapu (M.A.P.), movimiento que ha levantado una propuesta pol\u00edtica a nuestro pueblo-naci\u00f3n Mapuche para dar soluciones concretas a la necesidad hist\u00f3rica territorial que tiene nuestro pueblo desde la invasi\u00f3n militar y posterior despojo territorial de los dos estados (Chileno-Argentino), que tambi\u00e9n se convierte en una persecuci\u00f3n ideol\u00f3gica cuando se comienza a perseguir una idea o propuesta pol\u00edtica.<\/p>\n<p> \tC\u00dcLA: Este operativo represivo y posterior custodia del territorio, con el fin de no dejar ingresar a nadie, por parte de gendarmer\u00eda nacional argentina durante los d\u00edas viernes 27 y s\u00e1bado 28 del mes de mayo en nuestro territorio viene a representar la antesala de la militarizaci\u00f3n del territorio mapuche en el Puel-Willimapu. Esta represi\u00f3n, orquestada desde los Estados, tiene como objetivo salvaguardar los intereses de los grandes terratenientes, la Sociedad Rural y las grandes empresas transnacionales; mineras petroleras e hidroel\u00e9ctricas, para seguir garantiz\u00e1ndole la explotaci\u00f3n y saqueo mediante la usurpaci\u00f3n hist\u00f3rica que sufre nuestro pueblo-naci\u00f3n desde la \u201cConquista del Desierto\u201d y la \u201cPacificaci\u00f3n de la Araucan\u00eda\u201d, no respondiendo jam\u00e1s a las demandas territoriales que tienen las lof en todo el territorio Ancestral Mapuche y perpetuando el despojo, llev\u00e1ndonos a una situaci\u00f3n en la cual la \u00fanica soluci\u00f3n para seguir existiendo es el hacinamiento en las ciudades, siendo los m\u00e1s pobres entre los pobres, la empleada dom\u00e9stica, que limpia las suciedades de los m\u00e1s ricos, el obrero de la construcci\u00f3n que levanta la casa de los mismos, o el pe\u00f3n rural que cuida las haciendas de los grandes estancieros; y si nos negamos a entrar en esta l\u00f3gica de explotaci\u00f3n laboral somos enviados a poblar la mayor\u00eda de las c\u00e1rceles que el winka ha levantado para nosotros en las warria.<\/p>\n<p> \tMELI: Por todo esto es que hacemos un llamado a toda nuestra naci\u00f3n mapuche a seguir tomando conciencia sobre el verdadero sentido del mapuchengen (ser mapuche),recuperando y defendiendo el territorio ancestral Mapuche, fortaleci\u00e9ndonos en cada ngellipun, guillat\u00fan y camaricun para ir reconstruyendo de manera integral nuestro mundo mapuche, siguiendo el camino marcado que nos dejaron las pillan cushe y los antiguos loncos que supieron vivir rectamente.<\/p>\n<p> \t\u00b7 Por la libertad de nuestro lonco weichafe Francisco Facundo Jones Huala, prisionero pol\u00edtico mapuche. Y de todos los presos pol\u00edticos mapuches encarcelados tanto por el Estado Argentino como Chileno.<\/p>\n<p> \t\u00b7 Por la Reconstrucci\u00f3n, Autonom\u00eda y Liberaci\u00f3n Nacional Mapuche.<\/p>\n<p> \t\u00b7 Por la memoria de los antiguos toqui, lonco, weichafes, cona que fueron consecuentes con el az mapu y pelearon hasta morir para defender nuestro territorio.<\/p>\n<p> \t\u00b7 Weftupe pu cuifique weichafe, quintulei\u00f1 tai\u00f1 Nor r\u00fcp\u00fc, wi\u00f1owitrap\u00fcramai\u00f1. Qui\u00f1e newengei\u00f1 tai\u00f1 Wallmapu mu, femuechi may wewai\u00f1!!!!!<\/p>\n<p> \t&nbsp;<\/p>\n<p> \tFuente: https:\/\/redlatinasinfronteras.wordpress.com\/2016\/06\/08\/pronunciamiento-de-resistencia-mapuche-en-el-puel-willimapu\/<\/p>\n<p> \t&nbsp;<\/p>\n","protected":false},"excerpt":{"rendered":"<p>En el d\u00eda de la fecha, reunidos en Traw\u00fcn realizado en el territorio recuperado en Curramapu, Pu Lof (comunidades) en Resistencia del Departamento Cushamen del Movimiento Mapuche Aut\u00f3nomo del Puelmapu en el [&hellip;]<\/p>\n","protected":false},"author":4,"featured_media":0,"comment_status":"open","ping_status":"open","sticky":false,"template":"","format":"standard","meta":[],"categories":[3],"tags":[],"_links":{"self":[{"href":"https:\/\/tejidohistorico.afrodescendientes.com\/index.php\/wp-json\/wp\/v2\/posts\/8845"}],"collection":[{"href":"https:\/\/tejidohistorico.afrodescendientes.com\/index.php\/wp-json\/wp\/v2\/posts"}],"about":[{"href":"https:\/\/tejidohistorico.afrodescendientes.com\/index.php\/wp-json\/wp\/v2\/types\/post"}],"author":[{"embeddable":true,"href":"https:\/\/tejidohistorico.afrodescendientes.com\/index.php\/wp-json\/wp\/v2\/users\/4"}],"replies":[{"embeddable":true,"href":"https:\/\/tejidohistorico.afrodescendientes.com\/index.php\/wp-json\/wp\/v2\/comments?post=8845"}],"version-history":[{"count":0,"href":"https:\/\/tejidohistorico.afrodescendientes.com\/index.php\/wp-json\/wp\/v2\/posts\/8845\/revisions"}],"wp:attachment":[{"href":"https:\/\/tejidohistorico.afrodescendientes.com\/index.php\/wp-json\/wp\/v2\/media?parent=8845"}],"wp:term":[{"taxonomy":"category","embeddable":true,"href":"https:\/\/tejidohistorico.afrodescendientes.com\/index.php\/wp-json\/wp\/v2\/categories?post=8845"},{"taxonomy":"post_tag","embeddable":true,"href":"https:\/\/tejidohistorico.afrodescendientes.com\/index.php\/wp-json\/wp\/v2\/tags?post=8845"}],"curies":[{"name":"wp","href":"https:\/\/api.w.org\/{rel}","templated":true}]}}