{"id":8865,"date":"2016-06-15T17:33:33","date_gmt":"2016-06-15T17:33:33","guid":{"rendered":"http:\/\/www2.nasaacin.org\/index.php\/2016\/06\/15\/parar-sirvio-la-minga-nacional-gano-conozca-los-detalles-de-los-acuerdos-alcanzados-despues-de-15-dias-de-movilizacion\/"},"modified":"2016-06-15T17:33:33","modified_gmt":"2016-06-15T17:33:33","slug":"parar-sirvio-la-minga-nacional-gano-conozca-los-detalles-de-los-acuerdos-alcanzados-despues-de-15-dias-de-movilizacion","status":"publish","type":"post","link":"https:\/\/tejidohistorico.afrodescendientes.com\/index.php\/2016\/06\/15\/parar-sirvio-la-minga-nacional-gano-conozca-los-detalles-de-los-acuerdos-alcanzados-despues-de-15-dias-de-movilizacion\/","title":{"rendered":"Parar sirvi\u00f3, la Minga Nacional gan\u00f3, conozca los detalles de los acuerdos alcanzados despu\u00e9s de 15 d\u00edas de movilizaci\u00f3n."},"content":{"rendered":"<\/p>\n<p> \t<strong><span style=\"font-size: 11px;\">Foto: Tejido de Comunicaci\u00f3n -ACIN <\/span><\/strong><\/p>\n<p> \t&nbsp;<\/p>\n<p style=\"text-align: justify;\"> \t<span style=\"font-family: georgia,serif;\"><span style=\"font-size: 18px;\">El 12 de junio de 2016, en la ciudad de Santander de Quilichao, se han firmado diez actas espec\u00edficas y una general, entre la Cumbre Agraria Campesina, \u00c9tnica y Popular y el gobierno de Juan Manuel Santos, quien en voz de los ministros del interior Juan Fernando Cristo, de agricultura, Aurelio Iragorri, de Medio Ambiente, Luis Guillermo Murillo, as\u00ed como otros altos funcionarios del ejecutivo, como el viceministro del interior Guillermo Rivera, el viceministro de Energ\u00eda Carlos Fernando Erazo, la presidenta de la Agencia Nacional de Hidrocarburos, Silvana Habib Daza, el director de la unidad para reparaci\u00f3n integral de las v\u00edctimas Alan Jara, el Viceministro de desarrollo rural Juan Pablo D\u00edaz-Granados, el Director de la Agencia Nacional de Tierras, Miguel Samper Strouss, entre otros, acordaron, los siguientes puntos:<\/span><\/span><\/p>\n<p>  <!--more-->  <\/p>\n<p style=\"text-align: justify;\"> \t<strong>Garant\u00edas para la Movilizaci\u00f3n<\/strong><\/p>\n<p> \tUn marco general que compromete al gobierno a \u201cbrindar plenas garant\u00edas al ejercicio del derecho a la protesta social en todo el pa\u00eds\u201d, donde se acuerdan elementos centrales frente a los manifestantes judicializados, y al establecimiento de protocolos para la actuaci\u00f3n de la fuerza p\u00fablica frente a los manifestantes.<\/p>\n<p> \tEn el marco de este acuerdo se establece que \u201cla Oficina del Alto Comisionado de las Naciones Unidas para los Derechos Humanos -OACNUDH- y la Defensor\u00eda del Pueblo har\u00e1n el proceso de seguimiento, monitoreo y verificaci\u00f3n a las garant\u00edas de seguridad y protecci\u00f3n a las comunidades (\u2026) movilizadas en el territorio nacional\u201d<\/p>\n<p> \tDentro del acta 002 se se\u00f1ala adem\u00e1s, que \u201cel gobierno nacional se compromete a la creaci\u00f3n de una comisi\u00f3n de Alto Nivel para el an\u00e1lisis y recomendaciones que busquen soluciones de la crisis carcelaria\u201d.<\/p>\n<p> \t<strong>Avances para el reconocimiento de los Territorios Campesinos Agroalimentarios &#8211; TCA<\/strong><\/p>\n<p> \tEn la comisi\u00f3n de territorialidad campesina, en el eje de tierras, territorios y ordenamiento territorial, el acta 005 se\u00f1ala que el gobierno se compromete a explorar la \u201cviabilidad jur\u00eddica del reconocimiento de otras figuras territoriales campesinas\u201d no incluidas en la ley 160 de 1994, que solo reconoce las Zonas de Reserva Campesinas. Del mismo modo, esta acta se\u00f1ala que el gobierno nacional se compromete a hacer la identificaci\u00f3n f\u00edsica y jur\u00eddica de las tierras productivas (\u2026) con fines de redistribuci\u00f3n a campesinos sin tierra y poca tierra\u201d.<\/p>\n<p> \tFinalmente, esta acta se\u00f1ala que \u201cel ministerio de agricultura se compromete a gestionar con el DANE la inclusi\u00f3n de la categor\u00eda &lt;campesino&gt; en el censo nacional\u201d lo cual significa un avance en la b\u00fasqueda del reconocimiento pol\u00edtico del campesinado por parte del Estado colombiano.<\/p>\n<p> \t<strong>Construcci\u00f3n de apuestas de Paz y autonom\u00edas de control social &#8211; territorial<\/strong><\/p>\n<p> \tEn materia de paz, el gobierno se ha comprometido a combatir y judicializar las estructuras paramilitares, proteger a los l\u00edderes sociales e impulsar investigaciones efectivas; en segundo lugar, se ha acordado construir un mecanismo concertado de participaci\u00f3n efectiva y directa de los sectores y movimiento sociales en la construcci\u00f3n de paz; en tercer lugar, se avanz\u00f3 en el reconocimiento de las competencias de las guardias ind\u00edgenas como instituciones aut\u00f3nomas de control social y territorial, dejando la Cumbre Agraria la constancia para seguir exigiendo el reconocimiento similar a las guardias cimarrona y campesina; tambi\u00e9n se acord\u00f3 iniciar la construcci\u00f3n de una pol\u00edtica p\u00fablica de comunicaciones para la paz entre la Cumbre y el gobierno nacional. En lo referente al estado de los derechos sociales, econ\u00f3micos y culturales, acordamos una ruta para abordar su seguimiento y cumplimiento; se realizar\u00e1 una Audiencia P\u00fablica en el Congreso para abordar la reforma tributaria y seguir con audiencias regulares para presentar la Agenda de Pa\u00eds desde el movimiento social.<\/p>\n<p> \t<strong>Se avanza en la construcci\u00f3n de una pol\u00edtica p\u00fablica minero-energ\u00e9tica<\/strong><\/p>\n<p> \tEn materia minero-energ\u00e9tica, un muy importante acuerdo es \u201cla realizaci\u00f3n de una revisi\u00f3n conjunta de la totalidad de los actos administrativos que otorgan licencias, permisos y concesiones en materia ambiental y minero-energ\u00e9tica\u201d para constatar su legalidad o, en su defecto, proceder a su revocatoria; por otro lado, se ha acordado la realizaci\u00f3n de un gran Di\u00e1logo Nacional Minero Energ\u00e9tico, que produzca insumos para una pol\u00edtica p\u00fablica en la materia; se realizar\u00e1n evaluaciones piloto de car\u00e1cter socio-econ\u00f3mico de proyectos minero-energ\u00e9ticos.<\/p>\n<p> \tUna novedad y avance en esta jornada de acuerdos, es la ruta acordada para abordar el tema de la relaci\u00f3n campo-ciudad, que se iniciar\u00e1 el pr\u00f3ximo 17 de junio en reuni\u00f3n entre la Cumbre Agraria y los jefes de cartera del interior, y funcionarios de los ministerios de agricultura, medio ambiente, vivienda y de planeaci\u00f3n nacional.<\/p>\n<p> \tEstas actas dan cuenta de una extensa agenda de reuniones de seguimiento y monitoreo a los acuerdos incumplidos desde el 2014 y a los nuevos acuerdos de esta jornada de Paro. Siendo quiz\u00e1 la m\u00e1s importante la reuni\u00f3n del pr\u00f3ximo 22 de junio en la ciudad de Bogot\u00e1 entre la Cumbre Agraria, Campesina, \u00c9tnica y Popular, con el presidente Juan Manuel Santos, donde se abordar\u00e1, entre otros temas, el seguimiento a estos acuerdos. <strong>Fuente, <\/strong><em><a href=\"http:\/\/www.congresodelospueblos.org\/comunicados-congreso-de-los-pueblos\/item\/933-la-cumbre-agraria-campesina-etnica-y-popular-avanza-como-propuesta-de-pais.html\">Congreso de los Pueblos<\/a><\/em><\/p>\n<p style=\"text-align: justify;\"> \t&nbsp;<\/p>\n<p style=\"text-align: justify;\"> \t<em><span style=\"font-family: georgia,serif;\"><span style=\"font-size: 18px;\"><strong>L\u00e9a:<\/strong> <a href=\"http:\/\/www.colombiainforma.info\/logros-para-el-campo-y-tambien-las-ciudades-que-reclaman-los-movimientos-urbanos-tras-el-paro\/\"><span style=\"color: rgb(0, 128, 128);\">CIUDAD Logros para el campo y tambi\u00e9n las ciudades: qu\u00e9 reclaman los movimientos urbanos tras el Paro<\/span><\/a><\/span><\/span><\/em><\/p>\n<p style=\"text-align: justify;\"> \t&nbsp;<\/p>\n<p style=\"text-align: justify;\"> \t&nbsp;<\/p>\n<p> \t&nbsp;<\/p>\n","protected":false},"excerpt":{"rendered":"<p>Foto: Tejido de Comunicaci\u00f3n -ACIN &nbsp; El 12 de junio de 2016, en la ciudad de Santander de Quilichao, se han firmado diez actas espec\u00edficas y una general, entre la Cumbre Agraria [&hellip;]<\/p>\n","protected":false},"author":4,"featured_media":0,"comment_status":"open","ping_status":"open","sticky":false,"template":"","format":"standard","meta":[],"categories":[73],"tags":[],"_links":{"self":[{"href":"https:\/\/tejidohistorico.afrodescendientes.com\/index.php\/wp-json\/wp\/v2\/posts\/8865"}],"collection":[{"href":"https:\/\/tejidohistorico.afrodescendientes.com\/index.php\/wp-json\/wp\/v2\/posts"}],"about":[{"href":"https:\/\/tejidohistorico.afrodescendientes.com\/index.php\/wp-json\/wp\/v2\/types\/post"}],"author":[{"embeddable":true,"href":"https:\/\/tejidohistorico.afrodescendientes.com\/index.php\/wp-json\/wp\/v2\/users\/4"}],"replies":[{"embeddable":true,"href":"https:\/\/tejidohistorico.afrodescendientes.com\/index.php\/wp-json\/wp\/v2\/comments?post=8865"}],"version-history":[{"count":0,"href":"https:\/\/tejidohistorico.afrodescendientes.com\/index.php\/wp-json\/wp\/v2\/posts\/8865\/revisions"}],"wp:attachment":[{"href":"https:\/\/tejidohistorico.afrodescendientes.com\/index.php\/wp-json\/wp\/v2\/media?parent=8865"}],"wp:term":[{"taxonomy":"category","embeddable":true,"href":"https:\/\/tejidohistorico.afrodescendientes.com\/index.php\/wp-json\/wp\/v2\/categories?post=8865"},{"taxonomy":"post_tag","embeddable":true,"href":"https:\/\/tejidohistorico.afrodescendientes.com\/index.php\/wp-json\/wp\/v2\/tags?post=8865"}],"curies":[{"name":"wp","href":"https:\/\/api.w.org\/{rel}","templated":true}]}}