{"id":8893,"date":"2016-07-01T14:53:01","date_gmt":"2016-07-01T14:53:01","guid":{"rendered":"http:\/\/www2.nasaacin.org\/index.php\/2016\/07\/01\/con-panfletos-paras-amenazan-a-periodistas-e-indigenas-en-cauca\/"},"modified":"2016-07-01T14:53:01","modified_gmt":"2016-07-01T14:53:01","slug":"con-panfletos-paras-amenazan-a-periodistas-e-indigenas-en-cauca","status":"publish","type":"post","link":"https:\/\/tejidohistorico.afrodescendientes.com\/index.php\/2016\/07\/01\/con-panfletos-paras-amenazan-a-periodistas-e-indigenas-en-cauca\/","title":{"rendered":"Con panfletos, &#8216;paras&#8217; amenazan a periodistas e ind\u00edgenas en Cauca"},"content":{"rendered":"<p style=\"text-align: justify;\">\n<p style=\"text-align: justify;\"> \t<em><strong>La misiva fue distribuida hace unos d\u00edas por un grupo denominado &#8216;Comando Urbano Los Rastrojos&#8217;.<\/strong><\/em><\/p>\n<p style=\"text-align: justify;\"> \t&nbsp;<\/p>\n<p style=\"text-align: justify;\"> \tUn grupo que se autodenomina &#8216;Comando Urbano Los Rastrojos&#8217; amenaz\u00f3 a varios periodistas e ind\u00edgenas del Cauca que participaron en la Minga Nacional realizada entre el pasado 30 de mayo y el 16 de junio.<\/p>\n<p>  <!--more-->  <\/p>\n<p style=\"text-align: justify;\"> \t\u201cLa tal Minga Nacional no es m\u00e1s que un sabotaje a la gente trabajadora y de bien de este pa\u00eds. Son movilizaciones patrocinadas y exigidas por las Farc al Gobierno para agilizar los acuerdos de La Habana. No saben en lo que se est\u00e1n metiendo cuando estos ind\u00edgenas milicianos hacen inteligencia, fastidian, intimidan, hacen actos vand\u00e1licos y aterrorizan a la sociedad en las carreteras\u201d, dice parte del texto fechado el 31 de mayo de 2016 y distribuido por este grupo paramilitar durante esa protesta social.<br \/> \t<img alt=\"\" src=\"http:\/\/images.et.eltiempo.digital\/contenido\/colombia\/otras-ciudades\/IMAGEN\/IMAGEN-16634198-2.jpg\" style=\"border-width: 5px; border-style: solid;\" \/><\/p>\n<p style=\"text-align: justify;\"> \t<em><strong><span style=\"color: rgb(57, 57, 57); font-family: cabinregular; font-size: 11px; font-style: normal; font-variant: normal; font-weight: normal; letter-spacing: normal; line-height: 16.5px; orphans: auto; text-align: start; text-indent: 0px; text-transform: none; white-space: normal; widows: 1; word-spacing: 0px; -webkit-text-stroke-width: 0px; display: inline !important; float: none; background-color: rgb(243, 243, 243);\">Foto: Archivo particular<\/span><\/strong><\/em><\/p>\n<p style=\"text-align: justify;\"> \tLa denuncia la realiz\u00f3 el programa de comunicaciones del Consejo Regional Ind\u00edgena del Cauca-CRIC y la Asociaci\u00f3n de Medios de Comunicaci\u00f3n Ind\u00edgena de Colombia-Red Amcic.<\/p>\n<p> \tDe hecho, uno de sus miembros, Jos\u00e9 Vicente Otero, responsable de la Cooperaci\u00f3n y Relacionamiento Externo del CRIC y miembro de la RED Amcic, es nombrado dentro del panfleto donde se especifica que tanto a Otero como otros miembros de estas organizaciones y tambi\u00e9n l\u00edderes ind\u00edgenas \u201cle est\u00e1n siguiendo la pista desde hace tres a\u00f1os\u201d,<br \/> \t\u201csu sentencia contin\u00faa y nosotros no nos hemos olvidado\u201d, se indica en el texto.<\/p>\n<p> \tLas organizaciones sociales rechazaron las amenazas y afirmaron que atentan contra los derechos fundamentales.<\/p>\n<p> \t\u201cRechazamos este acto de intimidaci\u00f3n, el cual agrede nuestra integridad individual y colectiva, la autonom\u00eda y nuestro derecho leg\u00edtimo como pueblos. As\u00ed mismo atenta contra la libre expresi\u00f3n y el derecho a la comunicaci\u00f3n y la informaci\u00f3n, derechos contemplados en nuestro Derecho Mayor como pueblos, en la normatividad nacional, as\u00ed como en diferentes mecanismos del Derecho Internacional\u201d, indica la CRIC y la RED Amcic.<\/p>\n<p> \tDurante los \u00faltimos cuatro a\u00f1os, las autoridades ind\u00edgenas y periodistas de varios medios de comunicaci\u00f3n han recibido tres amenazas de muerte por parte de este grupo armado.<\/p>\n<p style=\"text-align: justify;\"> \t&nbsp;<\/p>\n<p style=\"text-align: justify;\"> \tFuente:&#8212;http:\/\/www.eltiempo.com\/colombia\/otras-ciudades\/amenazan-a-periodistas-e-indigenas-del-cauca\/16634196?hootPostID=f17475ce8061a0c80e6084bc8a89d6d7<\/p>\n<p style=\"text-align: justify;\"> \t&nbsp;<\/p>\n","protected":false},"excerpt":{"rendered":"<p>La misiva fue distribuida hace unos d\u00edas por un grupo denominado &#8216;Comando Urbano Los Rastrojos&#8217;. &nbsp; Un grupo que se autodenomina &#8216;Comando Urbano Los Rastrojos&#8217; amenaz\u00f3 a varios periodistas e ind\u00edgenas del [&hellip;]<\/p>\n","protected":false},"author":4,"featured_media":0,"comment_status":"open","ping_status":"open","sticky":false,"template":"","format":"standard","meta":[],"categories":[73],"tags":[],"_links":{"self":[{"href":"https:\/\/tejidohistorico.afrodescendientes.com\/index.php\/wp-json\/wp\/v2\/posts\/8893"}],"collection":[{"href":"https:\/\/tejidohistorico.afrodescendientes.com\/index.php\/wp-json\/wp\/v2\/posts"}],"about":[{"href":"https:\/\/tejidohistorico.afrodescendientes.com\/index.php\/wp-json\/wp\/v2\/types\/post"}],"author":[{"embeddable":true,"href":"https:\/\/tejidohistorico.afrodescendientes.com\/index.php\/wp-json\/wp\/v2\/users\/4"}],"replies":[{"embeddable":true,"href":"https:\/\/tejidohistorico.afrodescendientes.com\/index.php\/wp-json\/wp\/v2\/comments?post=8893"}],"version-history":[{"count":0,"href":"https:\/\/tejidohistorico.afrodescendientes.com\/index.php\/wp-json\/wp\/v2\/posts\/8893\/revisions"}],"wp:attachment":[{"href":"https:\/\/tejidohistorico.afrodescendientes.com\/index.php\/wp-json\/wp\/v2\/media?parent=8893"}],"wp:term":[{"taxonomy":"category","embeddable":true,"href":"https:\/\/tejidohistorico.afrodescendientes.com\/index.php\/wp-json\/wp\/v2\/categories?post=8893"},{"taxonomy":"post_tag","embeddable":true,"href":"https:\/\/tejidohistorico.afrodescendientes.com\/index.php\/wp-json\/wp\/v2\/tags?post=8893"}],"curies":[{"name":"wp","href":"https:\/\/api.w.org\/{rel}","templated":true}]}}