{"id":8906,"date":"2016-07-12T18:51:29","date_gmt":"2016-07-12T18:51:29","guid":{"rendered":"http:\/\/www2.nasaacin.org\/index.php\/2016\/07\/12\/la-paz-se-construye-con-confianza-no-con-incumplimientos-y-sorderas-2\/"},"modified":"2016-07-12T18:51:29","modified_gmt":"2016-07-12T18:51:29","slug":"la-paz-se-construye-con-confianza-no-con-incumplimientos-y-sorderas-2","status":"publish","type":"post","link":"https:\/\/tejidohistorico.afrodescendientes.com\/index.php\/2016\/07\/12\/la-paz-se-construye-con-confianza-no-con-incumplimientos-y-sorderas-2\/","title":{"rendered":"La paz se construye con confianza no con incumplimientos y sorderas."},"content":{"rendered":"<\/p>\n<p style=\"text-align: justify;\"> \tEn la actual coyuntura pol\u00edtica y de cara al posible silenciamiento de los fusiles de las FARC, nos parece un desacierto de grandes proporciones que el gobierno nacional en cabeza de sus ministros, le siga tomando del pelo a las exigencias que las organizaciones sociales y gremiales vienen se\u00f1alando desde inicio de este a\u00f1o.<\/p>\n<p>  <!--more-->  <\/p>\n<p style=\"text-align: justify;\"> \tDe la misma manera sistem\u00e1tica que el gobierno ha incumplido los cientos de acuerdos firmados con el movimiento indigena, entre ellos los de la minga del 2013, motivo de nuestra vuelta a la v\u00eda este a\u00f1o; el gremio transportador se ha visto en la obligaci\u00f3n de parquear sus veh\u00edculos y mantenerse en paro durante m\u00e1s de 31 d\u00edas, para exigir cumplimiento de acuerdos firmados con anterioridad y la redirecci\u00f3n de algunos puntos de la pol\u00edtica de transporte que han ido en detrimento de sus condiciones laborales y en beneficio de la supuesta competencia.<br \/> \t&nbsp;<br \/> \tPor tal raz\u00f3n, desde la Chxab Wala Kiwe (ACIN) exhortamos&nbsp; al gobierno para que opte por una pol\u00edtica de m\u00e1s escucha&nbsp; y menos sordera a las exigencias de todos los sectores sociales que se ven en la obligaci\u00f3n de movilizarse para ser tenidos en cuenta. No entendemos como un gobierno est\u00e9 involucrado en un proceso de paz, use este como bandera a nivel nacional e internacional para impulsar sus pol\u00edticas, y a la vez, se desentienda de los llamados que le hacen las organizaciones sociales y gremiales. &nbsp;<\/p>\n<p> \tAs\u00ed mismo&nbsp; y de manera fraterna, comunicamos nuestro respaldo y solidaridad a los&nbsp; transportadores, puesto que reconocemos y hemos vivenciado los efectos de aquellas pol\u00edticas de corte neoliberal, que se escudan en el principio de&nbsp; competencia pero que buscan el favorecimiento del gran capital.<\/p>\n<p> \t\u00a1La paz la construimos entre nosotros, respaldamos el paro camionero!<\/p>\n<p> \t&nbsp;<\/p>\n<p> \tFuente:<strong> Asociaci\u00f3n de Cabildos Ind\u00edgenas del Norte del Cauca ACIN <\/strong><\/p>\n<p align=\"center\"> \t&nbsp;<\/p>\n","protected":false},"excerpt":{"rendered":"<p>En la actual coyuntura pol\u00edtica y de cara al posible silenciamiento de los fusiles de las FARC, nos parece un desacierto de grandes proporciones que el gobierno nacional en cabeza de sus [&hellip;]<\/p>\n","protected":false},"author":4,"featured_media":0,"comment_status":"open","ping_status":"open","sticky":false,"template":"","format":"standard","meta":[],"categories":[73],"tags":[],"_links":{"self":[{"href":"https:\/\/tejidohistorico.afrodescendientes.com\/index.php\/wp-json\/wp\/v2\/posts\/8906"}],"collection":[{"href":"https:\/\/tejidohistorico.afrodescendientes.com\/index.php\/wp-json\/wp\/v2\/posts"}],"about":[{"href":"https:\/\/tejidohistorico.afrodescendientes.com\/index.php\/wp-json\/wp\/v2\/types\/post"}],"author":[{"embeddable":true,"href":"https:\/\/tejidohistorico.afrodescendientes.com\/index.php\/wp-json\/wp\/v2\/users\/4"}],"replies":[{"embeddable":true,"href":"https:\/\/tejidohistorico.afrodescendientes.com\/index.php\/wp-json\/wp\/v2\/comments?post=8906"}],"version-history":[{"count":0,"href":"https:\/\/tejidohistorico.afrodescendientes.com\/index.php\/wp-json\/wp\/v2\/posts\/8906\/revisions"}],"wp:attachment":[{"href":"https:\/\/tejidohistorico.afrodescendientes.com\/index.php\/wp-json\/wp\/v2\/media?parent=8906"}],"wp:term":[{"taxonomy":"category","embeddable":true,"href":"https:\/\/tejidohistorico.afrodescendientes.com\/index.php\/wp-json\/wp\/v2\/categories?post=8906"},{"taxonomy":"post_tag","embeddable":true,"href":"https:\/\/tejidohistorico.afrodescendientes.com\/index.php\/wp-json\/wp\/v2\/tags?post=8906"}],"curies":[{"name":"wp","href":"https:\/\/api.w.org\/{rel}","templated":true}]}}