{"id":8909,"date":"2016-07-14T21:13:51","date_gmt":"2016-07-14T21:13:51","guid":{"rendered":"http:\/\/www2.nasaacin.org\/index.php\/2016\/07\/14\/cric-rechaza-tratamiento-militar-a-la-cruzada-nacional-camionera\/"},"modified":"2016-07-14T21:13:51","modified_gmt":"2016-07-14T21:13:51","slug":"cric-rechaza-tratamiento-militar-a-la-cruzada-nacional-camionera","status":"publish","type":"post","link":"https:\/\/tejidohistorico.afrodescendientes.com\/index.php\/2016\/07\/14\/cric-rechaza-tratamiento-militar-a-la-cruzada-nacional-camionera\/","title":{"rendered":"CRIC, Rechaza Tratamiento Militar a la Cruzada Nacional Camionera"},"content":{"rendered":"<p style=\"text-align: justify;\">\n<p style=\"text-align: justify;\"> \tLa Consejer\u00eda Mayor del CRIC, rechaza categ\u00f3ricamente las declaraciones del Presidente Juan Manuel Santos quien en el d\u00eda martes 12 de julio del 2016, ordeno militarizar las carreteras y capturar a los camioneros movilizados que llevan m\u00e1s de 30 d\u00edas en su justa Cruzada Nacional Camionera.<\/p>\n<p>  <!--more-->  <\/p>\n<p style=\"text-align: justify;\"> \tEs evidente, para nosotros que existe una crisis social, econ\u00f3mica y ambiental en nuestro Pa\u00eds, que nos est\u00e1 llevando a una desigualdad exagerada como nunca se hab\u00eda visto en la historia, tenemos la gasolina m\u00e1s cara del continente, y somos unos de los pa\u00edses con mayor producci\u00f3n de este combustible, pero nuestros bienes comunes (recursos naturales) se los est\u00e1n llevando para otros pa\u00edses, gracias a la bondad de los TLC con las empresas trasnacionales.<\/p>\n<p style=\"text-align: justify;\"> \tLa justa Cruzada Nacional Camionera, est\u00e1 exigiendo al Gobierno Nacional que se revise la pol\u00edtica de combustible, que haya un mejoramiento de los costos operativos y existan garant\u00edas laborales para los conductores de carga, teniendo en cuenta que son quienes abastecen llevando los productos a la poblaci\u00f3n de las grandes ciudades.<\/p>\n<p> \tComo Consejer\u00eda Mayor del CRIC, exigimos:<\/p>\n<p> \tAl Gobierno Nacional<\/p>\n<p> \tAtienda y cumpla las exigencias que plantea la Cruzada Nacional de Camioneros de forma inmediata, ya que son m\u00e1s que justas las reclamaciones de este gremio, que d\u00eda a d\u00eda luchan por llevar alimentos a las familias y mejorar las condiciones de vida de las comunidades de nuestro pa\u00eds.<br \/> \tParar de forma inmediata el tratamiento militar que est\u00e1 dando el gobierno nacional a trav\u00e9s de la fuerza p\u00fablica ESMAD a la Cruzada Nacional Camionera, que hasta el momento han dejado un joven de 27 a\u00f1os asesinado por el ESMAD en Duitama Boyaca el d\u00eda martes 12 de julio del 2016.<br \/> \tQue se investigue de forma seria y responsable a los causantes de la muerte del joven en Duitama Bayaca, y se haga una verdadera justicia.<br \/> \tSe frene la sistem\u00e1tica judicializaci\u00f3n a los l\u00edderes del levantamiento y las justas exigencias<br \/> \tHacemos un llamado urgente a los organismos defensoras de los derechos humanos, para que est\u00e9n atentos y tomen medidas eficaces frente a la criminalizaci\u00f3n de la lucha social que adelantan el gremio camionero de nuestro Pa\u00eds, que se les garantice los derechos como ciudadanos y la legitima exigencia de los mismos, teniendo en cuenta que las condiciones de vida no son dignas para sus familias y para todo el pa\u00eds.<\/p>\n<p> \tEl movimiento ind\u00edgena del Cauca agrupados en el CRIC, apoyamos esta justa causa&nbsp; que&nbsp; se viene adelantando en las diferentes carreteras de nuestro pa\u00eds, y los invitamos a no bajar la guardia hasta que sus exigencias sean atendidas y solucionadas.<\/p>\n<p> \tCONSEJERIA MAYOR<\/p>\n<p> \tCONSEJO REGIONAL IND\u00cdGENA DEL CAUCA \u2013CRIC-<\/p>\n<p style=\"text-align: justify;\"> \tFuente: http:\/\/www.cric-colombia.org\/portal\/cric-rechaza-tratamiento-militar-a-la-cruzada-nacional-camionera\/<\/p>\n<p style=\"text-align: justify;\"> \t&nbsp;<\/p>\n","protected":false},"excerpt":{"rendered":"<p>La Consejer\u00eda Mayor del CRIC, rechaza categ\u00f3ricamente las declaraciones del Presidente Juan Manuel Santos quien en el d\u00eda martes 12 de julio del 2016, ordeno militarizar las carreteras y capturar a los [&hellip;]<\/p>\n","protected":false},"author":4,"featured_media":0,"comment_status":"open","ping_status":"open","sticky":false,"template":"","format":"standard","meta":[],"categories":[73],"tags":[],"_links":{"self":[{"href":"https:\/\/tejidohistorico.afrodescendientes.com\/index.php\/wp-json\/wp\/v2\/posts\/8909"}],"collection":[{"href":"https:\/\/tejidohistorico.afrodescendientes.com\/index.php\/wp-json\/wp\/v2\/posts"}],"about":[{"href":"https:\/\/tejidohistorico.afrodescendientes.com\/index.php\/wp-json\/wp\/v2\/types\/post"}],"author":[{"embeddable":true,"href":"https:\/\/tejidohistorico.afrodescendientes.com\/index.php\/wp-json\/wp\/v2\/users\/4"}],"replies":[{"embeddable":true,"href":"https:\/\/tejidohistorico.afrodescendientes.com\/index.php\/wp-json\/wp\/v2\/comments?post=8909"}],"version-history":[{"count":0,"href":"https:\/\/tejidohistorico.afrodescendientes.com\/index.php\/wp-json\/wp\/v2\/posts\/8909\/revisions"}],"wp:attachment":[{"href":"https:\/\/tejidohistorico.afrodescendientes.com\/index.php\/wp-json\/wp\/v2\/media?parent=8909"}],"wp:term":[{"taxonomy":"category","embeddable":true,"href":"https:\/\/tejidohistorico.afrodescendientes.com\/index.php\/wp-json\/wp\/v2\/categories?post=8909"},{"taxonomy":"post_tag","embeddable":true,"href":"https:\/\/tejidohistorico.afrodescendientes.com\/index.php\/wp-json\/wp\/v2\/tags?post=8909"}],"curies":[{"name":"wp","href":"https:\/\/api.w.org\/{rel}","templated":true}]}}