{"id":8913,"date":"2016-07-18T21:40:40","date_gmt":"2016-07-18T21:40:40","guid":{"rendered":"http:\/\/www2.nasaacin.org\/index.php\/2016\/07\/18\/argentina-llamado-de-atencion-de-naciones-unidas-por-reformas-a-la-ley-de-comunicacion-audiovisual\/"},"modified":"2016-07-18T21:40:40","modified_gmt":"2016-07-18T21:40:40","slug":"argentina-llamado-de-atencion-de-naciones-unidas-por-reformas-a-la-ley-de-comunicacion-audiovisual","status":"publish","type":"post","link":"https:\/\/tejidohistorico.afrodescendientes.com\/index.php\/2016\/07\/18\/argentina-llamado-de-atencion-de-naciones-unidas-por-reformas-a-la-ley-de-comunicacion-audiovisual\/","title":{"rendered":"Argentina: Llamado de atenci\u00f3n de Naciones Unidas por reformas a la Ley de Comunicaci\u00f3n Audiovisual"},"content":{"rendered":"<p style=\"text-align: justify;\"> \t<strong>N\u00e9stor Busso<\/strong><\/p>\n<p> \tEl Comit\u00e9 de Derechos Humanos de la ONU sobre el cumplimiento del Pacto Internacional de Derechos Civiles y Pol\u00edticos,&nbsp; se\u00f1al\u00f3 su&nbsp; preocupaci\u00f3n por las reformas a la Ley de Servicios de Comunicaci\u00f3n Audiovisual que favorecen la concentraci\u00f3n: de acuerdo con el Comit\u00e9 de Derechos Humanos de la ONU, el Estado debe \u201crevisar las recientes reformas en el servicio de comunicaciones audiovisuales que podr\u00edan tener el efecto de concentrar la titularidad de los medios de comunicaci\u00f3n y afectar negativamente el derecho a la libertad de expresi\u00f3n\u201d. El documento exigi\u00f3 la adopci\u00f3n de medidas para impedir esa concentraci\u00f3n.<br \/> \t&nbsp;<\/p>\n<p>  <!--more-->  <\/p>\n<p style=\"text-align: justify;\"> \tEl organismo de Naciones Unidas tambi\u00e9n se manifest\u00f3 respecto a la lentitud para investigar las responsabilidades de los grupos econ\u00f3micos en delitos de lesa humanidad, la persistencia de las pr\u00e1cticas de tortura y las detenciones arbitrarias por parte de la polic\u00eda fueron algunas de las situaciones que destacaron los expertos que escucharon a representantes del gobierno y de algunas organizaciones, como Amnist\u00eda Internacional, el Centro de Estudios Legales y Sociales (CELS), el Equipo Latinoamericano de Justicia de G\u00e9nero y las Cat\u00f3licas por el Derecho a Decidir. El Estado deber\u00eda ahora implementar las recomendaciones para materializar el compromiso expresado por sus funcionarios con la ONU.<\/p>\n<p> \tEntre los hechos que fueron motivo de preocupaci\u00f3n y que se destacan en el <a href=\"http:\/\/tbinternet.ohchr.org\/_layouts\/treatybodyexternal\/Download.aspx?symbol%20no=CCPR%2fC%2fARG%2fCO%2f5&amp;Lang=en\">documento del organismo internacional<\/a>&nbsp; figuran:<\/p>\n<p> \t\u2013 Demoras para investigar la responsabilidad empresarial en delitos de lesa humanidad y cambios preocupantes en \u00e1reas del Estado vinculadas a la protecci\u00f3n de los derechos humanos: la ONU destac\u00f3 el informe sobre la responsabilidad empresarial en delitos contra trabajadores durante la dictadura y la creaci\u00f3n de la Comisi\u00f3n Bicameral de Identificaci\u00f3n de las Complicidades Econ\u00f3micas \u201cpero lamenta los obst\u00e1culos en el avance de las investigaciones de estos delitos y que dicha Comisi\u00f3n no haya sido implementada hasta el momento\u201d. Exige que se avance en el juzgamiento de los empresarios y del personal de las empresas involucrados en delitos de lesa humanidad. En varios puntos, expres\u00f3 preocupaci\u00f3n por \u201cla adopci\u00f3n de recientes medidas de reducci\u00f3n de personal y cambios institucionales en \u00e1reas destinadas a la protecci\u00f3n de los derechos humanos, particularmente respecto a las instituciones destinadas al proceso de memoria, verdad y justicia\u201d.<\/p>\n<p> \t\u2013 Preocupaci\u00f3n por las reformas a la Ley de Servicios de Comunicaci\u00f3n Audiovisual que favorecen la concentraci\u00f3n: de acuerdo con el Comit\u00e9 de Derechos Humanos de la ONU, el Estado debe \u201crevisar las recientes reformas en el servicio de comunicaciones audiovisuales que podr\u00edan tener el efecto de concentrar la titularidad de los medios de comunicaci\u00f3n y afectar negativamente el derecho a la libertad de expresi\u00f3n\u201d. El documento exigi\u00f3 la adopci\u00f3n de medidas para impedir esa concentraci\u00f3n.<\/p>\n<p> \t\u2013 Persistencia de pr\u00e1cticas de tortura y malos tratos y falta de investigaci\u00f3n y sanci\u00f3n: los expertos de la ONU manifestaron preocupaci\u00f3n por los niveles de autogobierno de los servicios penitenciarios y el escaso n\u00famero de condenas a los responsables de torturas o malos tratos. Recomendaron medidas espec\u00edficas para una mejor investigaci\u00f3n y sanci\u00f3n de estos delitos y se\u00f1alaron que urge la implementaci\u00f3n de la Ley que cre\u00f3 el Sistema Nacional de Prevenci\u00f3n de la Tortura. Para el Comit\u00e9, se debe \u201casegurar que el Mecanismo Nacional de Prevenci\u00f3n (de la Tortura) sea establecido en todas las regiones del pa\u00eds (y que) disponga de recursos humanos y financieros suficientes para funcionar eficientemente\u201d.<\/p>\n<p> \t\u2013 Hacinamiento en las c\u00e1rceles y lugares de detenci\u00f3n prohibidos: el Comit\u00e9 solicit\u00f3 que el Estado adopte \u201cmedidas eficaces para mejorar las condiciones materiales de los centros penitenciarios, reducir el hacinamiento existente y responder debidamente a las necesidades fundamentales de todas las personas privadas de libertad, en particular el acceso a la salud, tanto en el \u00e1mbito federal como provincial\u201d. Tambi\u00e9n indic\u00f3 preocupaci\u00f3n por el uso de las comisar\u00edas como lugares permanentes de detenci\u00f3n.<\/p>\n<p> \t\u2013 Muertes en el hospital neuropsiqui\u00e1trico Melchor Romero. Necesidad de implementar la Ley Nacional de Salud Mental: la ONU expres\u00f3 preocupaci\u00f3n por \u201cinternaciones por per\u00edodos prolongados, sin control efectivo, y el fallecimiento de 133 personas en el Hospital Melchor Romero, entre 2012 y 2014\u201d. Recomend\u00f3 \u201cla plena aplicaci\u00f3n de los est\u00e1ndares internacionales y de la Ley Nacional de Salud Mental\u201d.<\/p>\n<p> \t\u2013 Detenciones policiales arbitrarias: el Comit\u00e9 de Derechos Humanos cuestion\u00f3 la normativa y las pr\u00e1cticas policiales para la detenci\u00f3n de personas sin orden judicial. Expres\u00f3 particular preocupaci\u00f3n por las detenciones por averiguaci\u00f3n de identidad sin control judicial suficiente.<\/p>\n<p> \tExigi\u00f3 que el Estado tome \u201ctodas las medidas necesarias, incluyendo medidas legislativas, con el fin de combatir eficazmente las detenciones no vinculadas a la comisi\u00f3n de un delito\u201d.<\/p>\n<p> \t\u2013 Lentitud e informaci\u00f3n limitada sobre la investigaci\u00f3n del ataque a la AMIA: la ONU subray\u00f3 que \u201cel Estado parte debe intensificar sus esfuerzos para investigar lo ocurrido en el ataque en 1994 al edificio de la AMIA, con el fin de que los responsables sean llevados ante la justicia\u201d y \u201ctomar las medidas necesarias para garantizar que la investigaci\u00f3n se lleve a cabo de una manera r\u00e1pida, efectiva, independiente, imparcial y transparente\u201d.<\/p>\n<p> \t&nbsp;\u2013 N\u00e9stor Busso es periodista argentino, Director de Radio Encuentro, en Viedma, Patagonia.&nbsp; Miembro de FARCO, ALER y la Coalici\u00f3n por una Comunicaci\u00f3n Democr\u00e1tica.&nbsp; Ex Presidente del Consejo Federal de Comunicaci\u00f3n Audiovisual.<\/p>\n<p style=\"text-align: justify;\"> \t<a href=\"http:\/\/movimientos.org\/\">http:\/\/movimientos.org<\/a>\/<\/p>\n<p style=\"text-align: justify;\"> \tFuente:__http:\/\/www.cric-colombia.org\/portal\/argentina-llamado-de-atencion-de-naciones-unidas-por-reformas-a-la-ley-de-comunicacion-audiovisual\/<\/p>\n<p style=\"text-align: justify;\"> \t&nbsp;<\/p>\n","protected":false},"excerpt":{"rendered":"<p>N\u00e9stor Busso El Comit\u00e9 de Derechos Humanos de la ONU sobre el cumplimiento del Pacto Internacional de Derechos Civiles y Pol\u00edticos,&nbsp; se\u00f1al\u00f3 su&nbsp; preocupaci\u00f3n por las reformas a la Ley de Servicios [&hellip;]<\/p>\n","protected":false},"author":4,"featured_media":0,"comment_status":"open","ping_status":"open","sticky":false,"template":"","format":"standard","meta":[],"categories":[3],"tags":[],"_links":{"self":[{"href":"https:\/\/tejidohistorico.afrodescendientes.com\/index.php\/wp-json\/wp\/v2\/posts\/8913"}],"collection":[{"href":"https:\/\/tejidohistorico.afrodescendientes.com\/index.php\/wp-json\/wp\/v2\/posts"}],"about":[{"href":"https:\/\/tejidohistorico.afrodescendientes.com\/index.php\/wp-json\/wp\/v2\/types\/post"}],"author":[{"embeddable":true,"href":"https:\/\/tejidohistorico.afrodescendientes.com\/index.php\/wp-json\/wp\/v2\/users\/4"}],"replies":[{"embeddable":true,"href":"https:\/\/tejidohistorico.afrodescendientes.com\/index.php\/wp-json\/wp\/v2\/comments?post=8913"}],"version-history":[{"count":0,"href":"https:\/\/tejidohistorico.afrodescendientes.com\/index.php\/wp-json\/wp\/v2\/posts\/8913\/revisions"}],"wp:attachment":[{"href":"https:\/\/tejidohistorico.afrodescendientes.com\/index.php\/wp-json\/wp\/v2\/media?parent=8913"}],"wp:term":[{"taxonomy":"category","embeddable":true,"href":"https:\/\/tejidohistorico.afrodescendientes.com\/index.php\/wp-json\/wp\/v2\/categories?post=8913"},{"taxonomy":"post_tag","embeddable":true,"href":"https:\/\/tejidohistorico.afrodescendientes.com\/index.php\/wp-json\/wp\/v2\/tags?post=8913"}],"curies":[{"name":"wp","href":"https:\/\/api.w.org\/{rel}","templated":true}]}}