{"id":8914,"date":"2016-07-19T00:01:32","date_gmt":"2016-07-19T00:01:32","guid":{"rendered":"http:\/\/www2.nasaacin.org\/index.php\/2016\/07\/19\/asou-wa-denuncia-publica-a-nivel-nacional-e-internacional\/"},"modified":"2016-07-19T00:01:32","modified_gmt":"2016-07-19T00:01:32","slug":"asou-wa-denuncia-publica-a-nivel-nacional-e-internacional","status":"publish","type":"post","link":"https:\/\/tejidohistorico.afrodescendientes.com\/index.php\/2016\/07\/19\/asou-wa-denuncia-publica-a-nivel-nacional-e-internacional\/","title":{"rendered":"ASOU&#8217;WA: DENUNCIA P\u00daBLICA A NIVEL NACIONAL E INTERNACIONAL"},"content":{"rendered":"<p> \t<span style=\"color:#000000;\"><strong>Territorio ancestral KERA- SHIKARA, 17 de Julio del 2016<\/strong><\/span><\/p>\n<p> \tLa Naci\u00f3n U&#8217;wa denunciamos ante la Comunidad Nacional e Internacional los hechos ocurridos en el marco del desarrollo de la Acci\u00f3n Colectiva Pacifica, afectando los derechos colectivos, humanos, territoriales en nuestros puntos de concentraci\u00f3n que se han establecido en Zizuma, Cubuj\u00f3n &#8220;Callej\u00f3n de la muerte&#8221;, La China y Cede\u00f1o pozo de Gibraltar, entre los cuales, hechos violatorios de nuestros derechos mencionamos:<\/p>\n<p>  <!--more-->  <\/p>\n<p style=\"text-align: justify;\"> \t&nbsp;<\/p>\n<p style=\"text-align: justify;\"> \t1. La Naci\u00f3n U&#8217;wa de manera sistem\u00e1tica contin\u00faa siendo v\u00edctima del se\u00f1alamiento y estigmatizaci\u00f3n a la dirigencia ind\u00edgena y a miembros de nuestras comunidades, en todos los procesos de resistencia en defensa de la madre tierra; tal es el caso de la fotograf\u00eda enviada a los tel\u00e9fonos celulares de la comunidad, donde se muestra a un ovejo con prendas y elementos de uso privativo de la fuerza p\u00fabica, haciendo alusi\u00f3n a que el Pueblo U&#8217;wa es miembro de la insurgencia, en el marco de reuniones y acusaciones de la fuerza p\u00fablica hacia nuestra Naci\u00f3n.<\/p>\n<p> \t2. El dia 30 de Junio del 2016, mientras que se desarrollaba la reuni\u00f3n de di\u00e1logo intercultural entre la Naci\u00f3n U&#8217;wa y Gobierno Nacional, llevada a cabo en la sede de Asou&#8217;wa, Municipio de Cubar\u00e1, personas desconocidas y en moto llegan al sitio de concentraci\u00f3n Cubog\u00f3n tomando fotograf\u00edas y videos del personal agrupado all\u00ed.<\/p>\n<p> \t3. Se\u00f1alamiento y persecuci\u00f3n a miembros de nuestras comunidades por parte de la fuerza p\u00fablica en toma de fotos, videos, datos personales, preguntas tendenciosas que generan intranquilidad y zozobra en nuestras comunidades, como sucedi\u00f3 el d\u00eda 14 de Julio del 2016, donde el Ej\u00e9rcito Nacional intimida a miembros de la Guardia U&#8217;wa, punto de concentraci\u00f3n Cubuj\u00f3n.<\/p>\n<p> \t4. Ingreso no consentido del personal militar a zonas dentro del Resguardo como el caso Cede\u00f1o, La China, Gibraltar y Zizuma, agrediendo la integridad f\u00edsica y cultural de nuestra Naci\u00f3n, mediante actos de violencia verbal y psicol\u00f3gica contra el personal de la Guardia U&#8217;wa, irrespetando su autoridad territorial reconocida expresamente por nuestro pueblo en ejercicio de nuestra autonom\u00eda establecida en el convenio 169 de la OIT.<\/p>\n<p> \t5. Como medida de prevenci\u00f3n para preservar la integridad f\u00edsica, psicol\u00f3gica, espiritual y cultural; la Naci\u00f3n U\u00b4wa ha tomado la decisi\u00f3n de restringir el tr\u00e1nsito de la fuerza p\u00fablica en los sitios aleda\u00f1os a los puntos de concentraci\u00f3n mencionados.<\/p>\n<p> \t6. Reiteramos la voluntad de nuestra Naci\u00f3n al dialogo intercultural al m\u00e1s alto nivel y expresamos nuestra enorme preocupaci\u00f3n en la dilataci\u00f3n de los mismos por parte del Gobierno Nacional.<br \/> \t&nbsp;<br \/> \t7. Exigimos a los organismos de control y vigilancia el apoyo, acompa\u00f1amiento, presencia y exigencia del cumplimiento de los acuerdos del 1 de Mayo de 2014 entre Naci\u00f3n U&#8217;wa y Gobierno Nacional.<\/p>\n<p> \t8. Hacemos llamado a la Comunidad Nacional e Internacional a que contin\u00faen acompa\u00f1ando y solidariz\u00e1ndose con la justa causa de la Lucha pac\u00edfica de la Naci\u00f3n U&#8217;wa.<\/p>\n<p> \t\u00a1GUARDIANES DE LA MADRE TIERRA, PLANETA AZUL!<\/p>\n<p> \t&nbsp;<\/p>\n<p> \tFuente:&nbsp; http:\/\/mpcindigena.org\/index.php\/2014-01-09-07-38-36\/actulidad-pueblos-indigenas1\/399-asou-wa-denuncia-publica-a-nivel-nacional-e-internacional<\/p>\n<p> \t&nbsp;<\/p>\n","protected":false},"excerpt":{"rendered":"<p>Territorio ancestral KERA- SHIKARA, 17 de Julio del 2016 La Naci\u00f3n U&#8217;wa denunciamos ante la Comunidad Nacional e Internacional los hechos ocurridos en el marco del desarrollo de la Acci\u00f3n Colectiva Pacifica, [&hellip;]<\/p>\n","protected":false},"author":4,"featured_media":0,"comment_status":"open","ping_status":"open","sticky":false,"template":"","format":"standard","meta":[],"categories":[3],"tags":[],"_links":{"self":[{"href":"https:\/\/tejidohistorico.afrodescendientes.com\/index.php\/wp-json\/wp\/v2\/posts\/8914"}],"collection":[{"href":"https:\/\/tejidohistorico.afrodescendientes.com\/index.php\/wp-json\/wp\/v2\/posts"}],"about":[{"href":"https:\/\/tejidohistorico.afrodescendientes.com\/index.php\/wp-json\/wp\/v2\/types\/post"}],"author":[{"embeddable":true,"href":"https:\/\/tejidohistorico.afrodescendientes.com\/index.php\/wp-json\/wp\/v2\/users\/4"}],"replies":[{"embeddable":true,"href":"https:\/\/tejidohistorico.afrodescendientes.com\/index.php\/wp-json\/wp\/v2\/comments?post=8914"}],"version-history":[{"count":0,"href":"https:\/\/tejidohistorico.afrodescendientes.com\/index.php\/wp-json\/wp\/v2\/posts\/8914\/revisions"}],"wp:attachment":[{"href":"https:\/\/tejidohistorico.afrodescendientes.com\/index.php\/wp-json\/wp\/v2\/media?parent=8914"}],"wp:term":[{"taxonomy":"category","embeddable":true,"href":"https:\/\/tejidohistorico.afrodescendientes.com\/index.php\/wp-json\/wp\/v2\/categories?post=8914"},{"taxonomy":"post_tag","embeddable":true,"href":"https:\/\/tejidohistorico.afrodescendientes.com\/index.php\/wp-json\/wp\/v2\/tags?post=8914"}],"curies":[{"name":"wp","href":"https:\/\/api.w.org\/{rel}","templated":true}]}}