{"id":8981,"date":"2016-08-19T22:54:13","date_gmt":"2016-08-19T22:54:13","guid":{"rendered":"http:\/\/www2.nasaacin.org\/index.php\/2016\/08\/19\/es-indignante-que-el-gobierno-no-tome-enserio-el-paro\/"},"modified":"2016-08-19T22:54:13","modified_gmt":"2016-08-19T22:54:13","slug":"es-indignante-que-el-gobierno-no-tome-enserio-el-paro","status":"publish","type":"post","link":"https:\/\/tejidohistorico.afrodescendientes.com\/index.php\/2016\/08\/19\/es-indignante-que-el-gobierno-no-tome-enserio-el-paro\/","title":{"rendered":"\u201cEs Indignante que el Gobierno NO Tome Enserio  el Paro\u201d"},"content":{"rendered":"<p style=\"text-align: justify;\"> \tOrganizaciones sociales, l\u00edderes y participantes del paro pac\u00edfico que ya completa tres d\u00edas en Quibd\u00f3, Choc\u00f3 denuncian que este jueves, miembros del ESMAD los atacaron, provocaron y atropellaron, usando desmedidamente la fuerza e incumpliendo con su deber constitucional. En el hecho resultaron 3 personas heridas que est\u00e1n fuera de peligro, seg\u00fan afirma el poblador Emilio Pert\u00faz.<\/p>\n<p>  <!--more-->  <\/p>\n<p style=\"text-align: justify;\"> \tDe acuerdo con Pert\u00faz desde hac\u00eda m\u00e1s de dos meses, diversos sectores sociales ven\u00edan concertando la movilizaci\u00f3n pac\u00edfica y hab\u00edan acordado no abrir oficinas ni locales comerciales; sin embargo, algunos negocios decidieron abrir sus puertas y cuando varios de los l\u00edderes intentaban dialogar con los comerciantes, el ESMAD lleg\u00f3 a la zona y los atropell\u00f3.<\/p>\n<p> \tPert\u00faz agrega que para la poblaci\u00f3n es indignante que el Gobierno no haya tomado enserio el paro y haya enviado a las reuniones funcionarios sin capacidad de decisi\u00f3n y sin propuestas consolidadas, por lo que aseguran que el <a href=\"http:\/\/www.contagioradio.com\/levantaremos-el-paro-cuando-hayan-compromisos-serios-pueblo-chocoano-articulo-28034\/\">paro continuar\u00e1<\/a> porque pese a que han interpuesto demandas, tutelas y derechos de petici\u00f3n, e incluso entidades como la Defensor\u00eda han documentado la crisis humanitaria del departamento, los incumplimientos persisten.<\/p>\n<p> \tLa poblaci\u00f3n exige adecuaci\u00f3n de v\u00edas, porque las \u00fanicas dos que tiene el municipio est\u00e1n sin pavimentar; reforma estructural del sector de la salud y de servicios p\u00fablicos, porque la intervenci\u00f3n del Gobierno nacional s\u00f3lo ha servido para aumentar la deuda y liquidar uno de los hospitales, y no para garantizar que se cuente con energ\u00eda el\u00e9ctrica permanente y un sistema de alcantarillado. Demandan tambi\u00e9n una pol\u00edtica de producci\u00f3n para el departamento y fortalecimiento institucional.<\/p>\n<p> \tAudio: <strong>Emilio Pert\u00faz<\/strong><\/p>\n<p> \t<iframe loading=\"lazy\" allowfullscreen=\"\" frameborder=\"0\" height=\"48\" scrolling=\"no\" src=\"http:\/\/www.ivoox.com\/player_ek_12601029_2_1.html?data=kpejkpaUdpqhhpywj5eWaZS1lZeah5yncZOhhpywj5WRaZi3jpWah5yncabhytHW0ZC0qdPohqigh6elvo6ZmKiapdTSuMLbytSYtMbIrdCfjoqkpZKY&amp;\" width=\"238\"><\/iframe><\/p>\n<p> \t&nbsp;<\/p>\n<p> \tFuente: <a href=\"http:\/\/www.contagioradio.com\/es-indignante-que-el-gobierno-no-tome-enserio-el-paro-articulo-28080\/\">contagio radio<\/a><\/p>\n<p> \t&nbsp;<\/p>\n","protected":false},"excerpt":{"rendered":"<p>Organizaciones sociales, l\u00edderes y participantes del paro pac\u00edfico que ya completa tres d\u00edas en Quibd\u00f3, Choc\u00f3 denuncian que este jueves, miembros del ESMAD los atacaron, provocaron y atropellaron, usando desmedidamente la fuerza [&hellip;]<\/p>\n","protected":false},"author":4,"featured_media":0,"comment_status":"open","ping_status":"open","sticky":false,"template":"","format":"standard","meta":[],"categories":[75],"tags":[],"_links":{"self":[{"href":"https:\/\/tejidohistorico.afrodescendientes.com\/index.php\/wp-json\/wp\/v2\/posts\/8981"}],"collection":[{"href":"https:\/\/tejidohistorico.afrodescendientes.com\/index.php\/wp-json\/wp\/v2\/posts"}],"about":[{"href":"https:\/\/tejidohistorico.afrodescendientes.com\/index.php\/wp-json\/wp\/v2\/types\/post"}],"author":[{"embeddable":true,"href":"https:\/\/tejidohistorico.afrodescendientes.com\/index.php\/wp-json\/wp\/v2\/users\/4"}],"replies":[{"embeddable":true,"href":"https:\/\/tejidohistorico.afrodescendientes.com\/index.php\/wp-json\/wp\/v2\/comments?post=8981"}],"version-history":[{"count":0,"href":"https:\/\/tejidohistorico.afrodescendientes.com\/index.php\/wp-json\/wp\/v2\/posts\/8981\/revisions"}],"wp:attachment":[{"href":"https:\/\/tejidohistorico.afrodescendientes.com\/index.php\/wp-json\/wp\/v2\/media?parent=8981"}],"wp:term":[{"taxonomy":"category","embeddable":true,"href":"https:\/\/tejidohistorico.afrodescendientes.com\/index.php\/wp-json\/wp\/v2\/categories?post=8981"},{"taxonomy":"post_tag","embeddable":true,"href":"https:\/\/tejidohistorico.afrodescendientes.com\/index.php\/wp-json\/wp\/v2\/tags?post=8981"}],"curies":[{"name":"wp","href":"https:\/\/api.w.org\/{rel}","templated":true}]}}