{"id":8991,"date":"2016-08-23T14:28:21","date_gmt":"2016-08-23T14:28:21","guid":{"rendered":"http:\/\/www2.nasaacin.org\/index.php\/2016\/08\/23\/el-regimen-de-la-paz-le-hace-la-guerra-a-la-libertad-de-la-madre-tierra\/"},"modified":"2016-08-23T14:28:21","modified_gmt":"2016-08-23T14:28:21","slug":"el-regimen-de-la-paz-le-hace-la-guerra-a-la-libertad-de-la-madre-tierra","status":"publish","type":"post","link":"https:\/\/tejidohistorico.afrodescendientes.com\/index.php\/2016\/08\/23\/el-regimen-de-la-paz-le-hace-la-guerra-a-la-libertad-de-la-madre-tierra\/","title":{"rendered":"El r\u00e9gimen de la \u201cpaz\u201d le hace la guerra a la libertad de la Madre Tierra"},"content":{"rendered":"<p style=\"text-align: justify;\"> \tCon preocupaci\u00f3n y angustia compartimos la alerta temprana que nos llega desde el norte del Cauca, Colombia, donde nos informan sobre el inminente desalojo de liberadoras y liberadores de la Madre Tierra. La fuerza represiva del r\u00e9gimen del gobierno de la \u201cpaz\u201d est\u00e1 aumentando su presencia agresiva y de terror en el prop\u00f3sito de desalojar de inmediato a las y los liberadores de la Madre Tierra para servir los intereses del despojo, del hambre y de la violaci\u00f3n de nuestra madre.<\/p>\n<p>  <!--more-->  <\/p>\n<p style=\"text-align: justify;\"> \tUna vez m\u00e1s intentaran desalojar a quienes hace casi dos a\u00f1os se han levantado contra el poder agroindustrial y financiero que mal gobierna el pa\u00eds, para sembrar de dignidad el territorio y reemplazar el monocultivo de la ca\u00f1a de az\u00facar por alimentos para la vida que garanticen la existencia de Uma Kiwe y de sus hijos e hijas. Igualmente, llamamos al mundo para que no sea c\u00f3mplice de otro despojo, para que acompa\u00f1e y promueva desde donde sea su propia liberaci\u00f3n con la Madre Tierra. Desalojar a quienes liberan a Uma Kiwe no contribuye a la paz.<\/p>\n<p> \tNo hagamos silencio, no es solamente por ellos y ellas, es por la Madre Tierra. Pueblos en Camino. As\u00ed No. Carajo!!!<\/p>\n<p style=\"text-align: justify;\"> \t&nbsp;<\/p>\n<p style=\"text-align: center;\"> \tALERTA: El poder que apoya la paz en Colombia dicta orden de ataque contra el proceso de liberaci\u00f3n de la Madre Tierra.<br \/> \tLIBERTAD PARA LA MADRE TIERRA\u00b7MARTES, 23 DE AGOSTO DE 2016<br \/> \t[Comunicado \u2013 22 de agosto de 2016]<\/p>\n<p style=\"text-align: center;\"> \t<img alt=\"\" src=\"http:\/\/radiomacondo.fm\/wp-content\/uploads\/2016\/05\/esmad.jpg\" \/><\/p>\n<p style=\"text-align: justify;\"> \tEl proceso de liberaci\u00f3n de la Madre Tierra da a conocer a Colombia y al mundo que es inminente que se cumpla la orden del poder agroindustrial, financiero y pol\u00edtico de Colombia contra el proceso de liberaci\u00f3n de la Madre Tierra desde el norte del Cauca.<\/p>\n<p> \tSeg\u00fan la informaci\u00f3n que tenemos, esta semana se intentar\u00e1 el desalojo violento contra los puntos de liberaci\u00f3n Quitapereza \u2013 Santander, Corinto y La Emperatriz \u2013 Caloto.<\/p>\n<p> \tHoy lunes la fuerza p\u00fablica ha merodeado por La Emperatriz y el ESMAD ha reforzado su presencia en la hacienda.<\/p>\n<p> \tAlertamos a los amigos y amigas del proceso de liberaci\u00f3n y a los organismos de derechos humanos para que est\u00e9n pendientes de lo que pueda pasar. Responsabilizamos al gobierno nacional por lo que pueda suceder pues no estamos provocando a la fuerza p\u00fablica pero nos defenderemos con la fuerza de la comunidad en caso de que nos ataquen.<\/p>\n<p style=\"text-align: justify;\"> \t<img alt=\"\" src=\"http:\/\/argentina.indymedia.org\/uploads\/2015\/05\/5mensaje.jpg\" \/><\/p>\n<p style=\"text-align: justify;\"> \tparad\u00f3jico que todos los actores implicados en la inminente acci\u00f3n de desalojo violento a cargo del ESMAD, pol\u00edticos, agroindustriales, sector financiero, respalden el proceso de paz. \u00bfHa llegado la etapa de la guerra contra el pueblo?<\/p>\n<p> \tLas comunidades del norte del Cauca retomamos la lucha por la liberaci\u00f3n de la Madre Tierra el 14 de diciembre de 2014 y hemos fundado aldeas dentro de las fincas en proceso de liberaci\u00f3n. La tradici\u00f3n y el recuerdo de los mayores y mayoras narran que vivieron en estas fincas. Desde La Emperatriz se plane\u00f3 la masacre de El Nilo en 1991. La forma de explotaci\u00f3n de las fincas en proceso de liberaci\u00f3n maltrata la Madre Tierra. Por eso, como pueblo nasa, reiteramos que continuamos en pie de lucha liberando la Madre Tierra y no nos vamos a retirar de las fincas.<\/p>\n<p style=\"text-align: justify;\"> \t\u00a1Seguimos en minga por la Libertad de la Madre Tierra!<br \/> \t<strong>Proceso de liberaci\u00f3n de la Madre Tierra desde el norte del Cauca.<br \/> \t22 de agosto de 2016.<\/strong><\/p>\n<p> \tFuente: <a href=\"http:\/\/liberemoslatierra.blogspot.es\/categoria\/por-que-la-liberacion-\/\">Libertad para la Madre Tierra<\/a><\/p>\n<p style=\"text-align: justify;\"> \t<a href=\"http:\/\/pueblosencamino.org\/?p=3166\">&nbsp;pueblos en camino<\/a><\/p>\n<p style=\"text-align: justify;\"> \t&nbsp;<\/p>\n","protected":false},"excerpt":{"rendered":"<p>Con preocupaci\u00f3n y angustia compartimos la alerta temprana que nos llega desde el norte del Cauca, Colombia, donde nos informan sobre el inminente desalojo de liberadoras y liberadores de la Madre Tierra. [&hellip;]<\/p>\n","protected":false},"author":4,"featured_media":0,"comment_status":"open","ping_status":"open","sticky":false,"template":"","format":"standard","meta":[],"categories":[73],"tags":[],"_links":{"self":[{"href":"https:\/\/tejidohistorico.afrodescendientes.com\/index.php\/wp-json\/wp\/v2\/posts\/8991"}],"collection":[{"href":"https:\/\/tejidohistorico.afrodescendientes.com\/index.php\/wp-json\/wp\/v2\/posts"}],"about":[{"href":"https:\/\/tejidohistorico.afrodescendientes.com\/index.php\/wp-json\/wp\/v2\/types\/post"}],"author":[{"embeddable":true,"href":"https:\/\/tejidohistorico.afrodescendientes.com\/index.php\/wp-json\/wp\/v2\/users\/4"}],"replies":[{"embeddable":true,"href":"https:\/\/tejidohistorico.afrodescendientes.com\/index.php\/wp-json\/wp\/v2\/comments?post=8991"}],"version-history":[{"count":0,"href":"https:\/\/tejidohistorico.afrodescendientes.com\/index.php\/wp-json\/wp\/v2\/posts\/8991\/revisions"}],"wp:attachment":[{"href":"https:\/\/tejidohistorico.afrodescendientes.com\/index.php\/wp-json\/wp\/v2\/media?parent=8991"}],"wp:term":[{"taxonomy":"category","embeddable":true,"href":"https:\/\/tejidohistorico.afrodescendientes.com\/index.php\/wp-json\/wp\/v2\/categories?post=8991"},{"taxonomy":"post_tag","embeddable":true,"href":"https:\/\/tejidohistorico.afrodescendientes.com\/index.php\/wp-json\/wp\/v2\/tags?post=8991"}],"curies":[{"name":"wp","href":"https:\/\/api.w.org\/{rel}","templated":true}]}}