{"id":929,"date":"2010-11-01T13:42:18","date_gmt":"2010-11-01T13:42:18","guid":{"rendered":"http:\/\/www2.nasaacin.org\/index.php\/2010\/11\/01\/libertad-para-manuel-olate-ahora\/"},"modified":"2010-11-01T13:42:18","modified_gmt":"2010-11-01T13:42:18","slug":"libertad-para-manuel-olate-ahora","status":"publish","type":"post","link":"https:\/\/tejidohistorico.afrodescendientes.com\/index.php\/2010\/11\/01\/libertad-para-manuel-olate-ahora\/","title":{"rendered":"Libertad para Manuel Olate Ahora!"},"content":{"rendered":"<p>Con sorpresa hemos recibido la noticia de la detenci\u00f3n en Chile del dise\u00f1ador gr\u00e1fico,\u00a0 Manuel Olate C\u00e9spedes, militante del Partido Comunista de Chile, miembro del Movimiento Continental Bolivariano y representante del Movimiento de solidaridad por la paz en Colombia, el cual a fue arrestado en su domicilio en Santiago , por su supuesta vinculaci\u00f3n con la guerrilla colombiana FARC-EP, tras la orden de la Ministra de la Corte Suprema Margarita Herreros, quien acogi\u00f3 una solitud de detenci\u00f3n enviada por la justicia Colombiana.<\/p>\n<p>  <!--more-->  <\/p>\n<p>\u00a0<\/p>\n<p>Conforme se desarrolla la noticia  nuestra perplejidad aumenta, ya que desde las declaraciones de los  distintos actores, se ventilan cada vez con m\u00e1s vivacidad las notables  contradicciones en el proceso de detenci\u00f3n e inculpaci\u00f3n de Manuel. Por  un lado en las primeras horas se asegura que Olate es detenido en  funci\u00f3n de una solicitud de extradici\u00f3n del gobierno colombiano, m\u00e1s  adelante el presidente de Colombia junto con manifestar su j\u00fabilo por la  detenci\u00f3n del chileno, declara que en los pr\u00f3ximos dos meses se  formalizar\u00e1 el pedido de extradici\u00f3n. Tras las declaraciones de Santos  las informaciones cambian en funci\u00f3n de se\u00f1alar que Olate es arrestado  tras una orden de detenci\u00f3n emanada del Ministerio p\u00fablico Colombiano.  Necesario es se\u00f1alar, que Manuel Olate se encontraba fuera de Chile  hasta el d\u00eda 13 de Octubre y que hasta ese momento no pesaba ninguna  orden en su contra de manera que no fue detenido al ingresar su pa\u00eds, de  lo que se infiere, que no obstante no ser acusado de delito alguno, el  Gobierno Chileno inform\u00f3 de su entrada a Chile, tras lo que Colombia  solicit\u00f3 su detenci\u00f3n. <\/p>\n<p> De otra parte las noticias en Chile no son menos confusas, es as\u00ed como  por un lado se informa que en el d\u00eda de hoy un funcionario judicial fue a  notificar a Olate de su detenci\u00f3n y pedido de extradici\u00f3n por parte de  la justicia colombiana, no obstante que Colombia aun no ha solicitado  dicha extradici\u00f3n, esto seg\u00fan lo dicho por el propio Juan Manuel Santos.  Se se\u00f1ala as\u00ed mismo que el d\u00eda martes la jueza analizar\u00e1 la situaci\u00f3n  judicial de Manuel y que reci\u00e9n hoy se mandar\u00e1 a pedir pruebas a la  justicia colombiana que avalen su detenci\u00f3n y posible extradici\u00f3n.  Frente a esto \u00faltimo cabe preguntar \u00bfEn base a que antecedentes  probatorios se le ha privado de libertad a Manuel Olate?. Frente a tal  confusi\u00f3n no es dif\u00edcil inferir que tras la detecci\u00f3n del chileno  subyace una actitud colaboracionista del gobierno chileno, el cual se  presta a la internacionalizaci\u00f3n del conflicto colombiano al resto de  Am\u00e9rica, orquestando as\u00ed la persecuci\u00f3n de todo aquellos que se levanten  contra la posici\u00f3n guerrista del gobierno y la f\u00e9rrea determinaci\u00f3n de  exterminio f\u00edsico y pol\u00edtico de todos aquellos que defiendan la idea de  una salida pol\u00edtica al conflicto, como queda demostrado en el asesinato  de m\u00e1s de 20 activistas de derechos humanos en Colombia en los apenas 75  primeros d\u00edas de gobierno de Santos, las arbitrarias acusaciones hechas  hacia la Senadora Piedad C\u00f3rdoba , una de las principales impulsoras de  los acuerdos para la Paz y que hoy se encuentra inhabilitada y  judicialmente perseguida y la salida del pa\u00eds del cabo Moncayo, ex  prisionero de guerra de las FARC, liberado unilateralmente durante este  a\u00f1o, quien debi\u00f3 abandonar Colombia tras las constantes amenazas de  muerte y amedrentamientos por su compromiso con la causa de la Paz y en  contra de pol\u00edtica de enfrentamiento armado como salida a la guerra que  ha azotado por m\u00e1s de 50 a\u00f1os a Colombia.<\/p>\n<p> En Chile es de conocimiento p\u00fablico el compromiso del Partido Comunista  con una salida pol\u00edtica y pac\u00edfica al conflicto colombiano y as\u00ed lo ha  manifestado en numerosas ocasiones apoyando las iniciativas que  profundicen esta b\u00fasqueda de Paz , entendiendo que esta pasa por la  manifestaci\u00f3n de voluntades pol\u00edticas reales, tendientes a restituir las  garant\u00edas pol\u00edticas y sociales de todos los colombianos, asegurando la  inviolabilidad de sus derechos fundamentales, el respeto a las  posiciones divergentes y el retroceso de las pol\u00edticas de  criminalizaci\u00f3n del movimiento popular y de derechos humanos, las cuales  bajo el pretexto de la lucha contra el terrorismo, se han convertido en  una pol\u00edtica de estado , que haya su forma m\u00e1s perversa en los llamados  \u201cFalsos positivos\u201d. <\/p>\n<p> El compromiso pol\u00edtico de Manuel Olate se enmarca en dicha pr\u00e1ctica  solidaria, pr\u00e1ctica que lo llevara a visitar en el a\u00f1o 2008 al  campamento del extinto comandante de las FARC-EP Ra\u00fal Reyes, con motivo  de la realizaci\u00f3n de una entrevista, la cual fue publicada  posteriormente en el Semanario \u201cEl Siglo\u201d. Dicha entrevista fue  realizada solo d\u00edas antes del bombardeo en territorio ecuatoriano del  campamento de Reyes, en donde el ej\u00e9rcito colombiano encontrar\u00edas  pruebas fotogr\u00e1ficas que dar\u00edan cuenta de la presencia reciente de Olate  en el lugar, presencia que de hecho ser\u00eda posteriormente divulgada,  dada la inminente publicaci\u00f3n de la entrevista al comandante de las  FARC, en un medio de comunicaci\u00f3n chileno de cobertura nacional.<\/p>\n<p> Necesario es se\u00f1alar que d\u00edas antes de su detenci\u00f3n, Manuel junto a su  abogado se encontraban prestos a presentar acciones judiciales para  aclarar su situaci\u00f3n legal en Chile, ya que desde los sucesos de  Sucumbios ha sido sistem\u00e1tica y reiteradamente condenado por la prensa  sin que existiera, hasta ese momento, ninguna causa en su contra,  confiado en la solidez de su inocencia ya que no es responsable de  ninguna de las acusaciones que arbitrariamente y sin sustento legal se  le atribuyen. En cuanto a las imputaciones esgrimidas por la justicia  colombiana, estas se basan en la supuesta aparici\u00f3n de un seud\u00f3nimo,  atribuido a Olate, en los mal llamados correos de la computadora de Ra\u00fal  Reyes (est\u00e1 comprobado y reconocido que se trata de documentos Word por  tanto no se trata de pruebas jur\u00eddicas) y que esto seg\u00fan ellos tendr\u00eda  un car\u00e1cter incriminatorio. El hecho que no se trate de correos  electr\u00f3nicos no es un detalle, ya que esto inhabilita a estos archivos  como documentos probatorios. No est\u00e1 dem\u00e1s se\u00f1alar esto se suma el hecho  de que el oficial colombiano a cargo de los supuestos computadores de  Reyes, declaro bajo juramento que no exist\u00edan tales correos propiamente  dichos y que no se hab\u00eda cumplido con la cadena de custodia de los  computadores y que por lo tanto no hab\u00eda forma de probar que estos no  hab\u00edan sido manipulados o intervenidos.<\/p>\n<p> Frente a la detenci\u00f3n de Manuel Olate el Movimiento Continental  Bolivariano expresa su solidaridad y preocupaci\u00f3n por la detenci\u00f3n  arbitraria de uno de nuestros responsables en Chile, quien es nueva  v\u00edctima de la persecuci\u00f3n y criminalizaci\u00f3n de la solidaridad  internacionalista.<\/p>\n<p> Emplazamos a las autoridades en Chile a dejar en libertad a Manuel y no  dar lugar a la extradici\u00f3n ya que no existen garant\u00edas jur\u00eddicas que  puedan dar lugar a juicio justo y conforme al debido proceso en Colombia  y que se trata de una acusaci\u00f3n sin sustento jur\u00eddico que no justifica  su detenci\u00f3n y su posible extradici\u00f3n.<\/p>\n<p> Hacemos un llamado as\u00ed mismo a las organizaciones y dirigentes pol\u00edticos  y sociales nacionales e internacionales, a movilizarse por la  liberaci\u00f3n de Manuel Olate, rechazando desde ya la idea de su posible  extradici\u00f3n ya que como se ha se\u00f1alado en reiteradas ocasiones en  Colombia no existen las condiciones m\u00ednimas para un proceso justo que  garantice el respeto a sus derechos fundamentales como dan cuenta los  m\u00e1s de 7.500 presos pol\u00edticos de ese pa\u00eds.<br \/> <strong><br \/> Nos declaramos en estado de alerta y movilizaci\u00f3n permanente.<\/p>\n<p> LIBERTAD A TODOS Y TODAS L@S PRES@S POLITICOS DEL CONTINENTE!<br \/> LIBERTAD PARA MANUEL OLATE!<\/strong><\/p>\n<p><strong><br \/><\/strong><\/p>\n<p><strong>http:\/\/www.kaosenlared.net\/noticia\/chile-urgente-detienen-militante-pc-integrante-m-continental-bolivaria<br \/><\/strong><\/p>\n","protected":false},"excerpt":{"rendered":"<p>Con sorpresa hemos recibido la noticia de la detenci\u00f3n en Chile del dise\u00f1ador gr\u00e1fico,\u00a0 Manuel Olate C\u00e9spedes, militante del Partido Comunista de Chile, miembro del Movimiento Continental Bolivariano y representante del Movimiento [&hellip;]<\/p>\n","protected":false},"author":1,"featured_media":0,"comment_status":"open","ping_status":"open","sticky":false,"template":"","format":"standard","meta":[],"categories":[75],"tags":[],"_links":{"self":[{"href":"https:\/\/tejidohistorico.afrodescendientes.com\/index.php\/wp-json\/wp\/v2\/posts\/929"}],"collection":[{"href":"https:\/\/tejidohistorico.afrodescendientes.com\/index.php\/wp-json\/wp\/v2\/posts"}],"about":[{"href":"https:\/\/tejidohistorico.afrodescendientes.com\/index.php\/wp-json\/wp\/v2\/types\/post"}],"author":[{"embeddable":true,"href":"https:\/\/tejidohistorico.afrodescendientes.com\/index.php\/wp-json\/wp\/v2\/users\/1"}],"replies":[{"embeddable":true,"href":"https:\/\/tejidohistorico.afrodescendientes.com\/index.php\/wp-json\/wp\/v2\/comments?post=929"}],"version-history":[{"count":0,"href":"https:\/\/tejidohistorico.afrodescendientes.com\/index.php\/wp-json\/wp\/v2\/posts\/929\/revisions"}],"wp:attachment":[{"href":"https:\/\/tejidohistorico.afrodescendientes.com\/index.php\/wp-json\/wp\/v2\/media?parent=929"}],"wp:term":[{"taxonomy":"category","embeddable":true,"href":"https:\/\/tejidohistorico.afrodescendientes.com\/index.php\/wp-json\/wp\/v2\/categories?post=929"},{"taxonomy":"post_tag","embeddable":true,"href":"https:\/\/tejidohistorico.afrodescendientes.com\/index.php\/wp-json\/wp\/v2\/tags?post=929"}],"curies":[{"name":"wp","href":"https:\/\/api.w.org\/{rel}","templated":true}]}}